[{"@context":"https:\/\/schema.org\/","@type":"Article","@id":"https:\/\/www.sm-itko.cz\/sklo-v-interieru\/#Article","mainEntityOfPage":"https:\/\/www.sm-itko.cz\/sklo-v-interieru\/","headline":"Sklo v interi\u00e9ru","name":"Sklo v interi\u00e9ru","description":"Sklo u\u017e dnes neznamen\u00e1 jenom pr\u016fhledn\u00e9 okenn\u00ed tabule a k\u0159i\u0161\u0165\u00e1lov\u00e9 lustry. Sklo je dnes brou\u0161eno &hellip; ","datePublished":"2020-10-27","dateModified":"2023-05-03","author":{"@type":"Person","@id":"https:\/\/www.sm-itko.cz\/author\/#Person","name":"","url":"https:\/\/www.sm-itko.cz\/author\/","identifier":1,"image":{"@type":"ImageObject","@id":"https:\/\/secure.gravatar.com\/avatar\/e4532b7f65738965bbad8697e5bd54c0628af7bffe8d3c856885c44d86978cee?s=96&d=mm&r=g","url":"https:\/\/secure.gravatar.com\/avatar\/e4532b7f65738965bbad8697e5bd54c0628af7bffe8d3c856885c44d86978cee?s=96&d=mm&r=g","height":96,"width":96}},"publisher":{"@type":"Organization","name":"sm-itko.cz","logo":{"@type":"ImageObject","@id":"\/logo.png","url":"\/logo.png","width":600,"height":60}},"url":"https:\/\/www.sm-itko.cz\/sklo-v-interieru\/","about":["Bydlen\u00ed"],"wordCount":410,"articleBody":"Sklo u\u017e dnes neznamen\u00e1 jenom pr\u016fhledn\u00e9 okenn\u00ed tabule a k\u0159i\u0161\u0165\u00e1lov\u00e9 lustry. Sklo je dnes brou\u0161eno do nejr\u016fzn\u011bj\u0161\u00edch tvar\u016f, barev a tlou\u0161t\u011bk tak, aby tyto p\u0159edm\u011bty vyhovovaly nejenom interi\u00e9ru, ale i exteri\u00e9ru. Sklo je dnes pom\u011brn\u011b pevn\u00fdm materi\u00e1lem, kter\u00fd m\u00e1 dostate\u010dn\u011b vhodn\u00e9 vlastnosti k tomu, aby se p\u0159izp\u016fsobil jak\u00fdmkoli po\u017eadavk\u016fm a dok\u00e1zal nahradit jin\u00e9 materi\u00e1ly. Krom\u011b toho interi\u00e9r proz\u00e1\u0159\u00ed sv\u00fdm mnoh\u00fdm vyu\u017eit\u00edm, kr\u00e1sn\u00fdmi barvami a nejroztodivn\u011bj\u0161\u00edmi tvary.Pro\u010d je sklo st\u00e1le v\u00edce in v interi\u00e9rech? &#13; \u00b7 Sklo je jednodu\u0161e nad\u010dasov\u00fd materi\u00e1l. Velmi snadno ho m\u016f\u017eete zkombinovat s jak\u00fdmkoli dal\u0161\u00edm materi\u00e1lem, a\u0165 u\u017e se d\u0159evem, mramorem nebo t\u0159eba betonem. Sklo se tak\u00e9 d\u00e1 po\u0159\u00eddit ve v\u0161ech barv\u00e1ch, ale i v t\u00e9 p\u016fvodn\u00ed pr\u016fhledn\u00e9, proto ho m\u016f\u017eete zakomponovat do jak\u00e9hokoli designu. Tak\u00e9 se hod\u00ed jak do rustik\u00e1ln\u011b i Provence za\u0159\u00edzen\u00fdch staveb, stejn\u011b i do t\u011bch ultramodern\u00edch, tak\u017ee sklem v \u017e\u00e1dn\u00e9m interi\u00e9ru nic nezkaz\u00edte, pokud vyberete spr\u00e1vn\u00fd sklen\u011bn\u00fd kousek.&#13; \u00b7 Sklo nahrazuje sv\u011btlo v interi\u00e9ru, proto\u017ee ho dob\u0159e propou\u0161t\u00ed i odr\u00e1\u017e\u00ed, nav\u00edc pohlcuje jenom minimum, tak\u017ee dok\u00e1\u017ee sv\u011btlo zan\u00e9st i do m\u00edstnost\u00ed, kter\u00e9 jsou designov\u011b tmav\u00e9 nebo v nich nejsou dostate\u010dn\u011b velk\u00e1 okna.&#13; \u00b7 Sklo je ide\u00e1ln\u00ed p\u0159ep\u00e1\u017ekou nebo d\u011bl\u00edtkem m\u00edstnosti. Pokud pot\u0159ebujete interi\u00e9r n\u011bjak odd\u011blit nebo alespo\u0148 \u010d\u00e1ste\u010dn\u011b odhlu\u010dni, nap\u0159\u00edklad kuchy\u0148 od j\u00eddelny, nebo kuchy\u0148 od ob\u00fdvac\u00ed \u010d\u00e1sti domu, je velmi snadn\u00e9 um\u00edstit do pr\u016fchodu sklen\u011bnou p\u0159ep\u00e1\u017eku se sklen\u011bn\u00fdm dve\u0159n\u00edm k\u0159\u00eddlem.&#13; \u00b7 Sklo je praktick\u00e9, dob\u0159e se udr\u017euje i \u010dist\u00ed, a pokud vyberete dost \u0161irok\u00e9 sklo, nemus\u00edte se b\u00e1t, \u017ee by do\u0161lo k jeho po\u0161kozen\u00ed.&#13; \u00b7 Sklo je tak\u00e9 antialergenn\u00ed materi\u00e1l, proto je dobr\u00e9 volit pr\u00e1v\u011b sklen\u011bn\u00e9 dopl\u0148ky, pokud m\u00e1te doma alergika na \u010dervoto\u010de nebo pl\u00edsn\u011b.&#13; \u00b7 Jist\u011b ocen\u00edte tak\u00e9 to, \u017ee sklo je vysoce odoln\u00e9 v\u016f\u010di rozd\u00edln\u00fdm teplot\u00e1m a \u017e\u00e1ru a\u0165 u\u017e od topen\u00ed nebo od krb\u016f, proto\u017ee vydr\u017e\u00ed do dvou set stup\u0148\u016f celsia bez po\u0161kozen\u00ed                                                                                                                                                                                                                                                                                                                                                                                        3.6\/5 - (9 votes)        "},{"@context":"https:\/\/schema.org\/","@type":"BreadcrumbList","itemListElement":[{"@type":"ListItem","position":1,"name":"Sklo v interi\u00e9ru","item":"https:\/\/www.sm-itko.cz\/sklo-v-interieru\/#breadcrumbitem"}]}]