[{"@context":"https:\/\/schema.org\/","@type":"Article","@id":"https:\/\/www.sm-itko.cz\/proc-bychom-necestovali\/#Article","mainEntityOfPage":"https:\/\/www.sm-itko.cz\/proc-bychom-necestovali\/","headline":"Pro\u010d bychom necestovali?","name":"Pro\u010d bychom necestovali?","description":"Jsou lidi, kte\u0159\u00ed necestuj\u00ed. A kdy\u017e je k\u00a0tomu nikdo nenut\u00ed, jsou prost\u011b po\u0159\u00e1d doma a &hellip; ","datePublished":"2022-11-10","dateModified":"2023-07-10","author":{"@type":"Person","@id":"https:\/\/www.sm-itko.cz\/author\/#Person","name":"","url":"https:\/\/www.sm-itko.cz\/author\/","identifier":1,"image":{"@type":"ImageObject","@id":"https:\/\/secure.gravatar.com\/avatar\/e4532b7f65738965bbad8697e5bd54c0628af7bffe8d3c856885c44d86978cee?s=96&d=mm&r=g","url":"https:\/\/secure.gravatar.com\/avatar\/e4532b7f65738965bbad8697e5bd54c0628af7bffe8d3c856885c44d86978cee?s=96&d=mm&r=g","height":96,"width":96}},"publisher":{"@type":"Organization","name":"sm-itko.cz","logo":{"@type":"ImageObject","@id":"\/logo.png","url":"\/logo.png","width":600,"height":60}},"image":{"@type":"ImageObject","@id":"https:\/\/www.sm-itko.cz\/wp-content\/uploads\/cc_10_6.jpg","url":"https:\/\/www.sm-itko.cz\/wp-content\/uploads\/cc_10_6.jpg","height":0,"width":0},"url":"https:\/\/www.sm-itko.cz\/proc-bychom-necestovali\/","about":["Cestov\u00e1n\u00ed"],"wordCount":409,"articleBody":"Jsou lidi, kte\u0159\u00ed necestuj\u00ed. A kdy\u017e je k\u00a0tomu nikdo nenut\u00ed, jsou prost\u011b po\u0159\u00e1d doma a jejich \u017eivot plyne. A kdy\u017e se je n\u011bkdo sna\u017e\u00ed k\u00a0cestov\u00e1n\u00ed p\u0159im\u011bt? Pak se v\u017edycky najde dost v\u00fdmluv, pro\u010d doty\u010dn\u00ed nikam vyrazit nemohou. Co m\u011b osobn\u011b v\u00a0tomto ohledu jenom tak nam\u00e1tkou napadne?Cestov\u00e1n\u00ed stoj\u00ed pen\u00edze, a t\u011bch nem\u00e1 nikdo nazbyt.Z\u00a0cestov\u00e1n\u00ed libovoln\u00fdm dopravn\u00edm prost\u0159edkem na del\u0161\u00ed vzd\u00e1lenost m\u016f\u017ee bolet pozad\u00ed, z\u00e1da nebo leckter\u00e1 jin\u00e1 \u010d\u00e1st t\u011bla, pokud se tu mus\u00ed dlouho sed\u011bt, respektive nohy, pokud by se m\u011blo j\u00edt p\u011b\u0161ky.Cestou se m\u016f\u017ee st\u00e1t \u010dlov\u011bk ob\u011bt\u00ed lec\u010deho, od \u00farazu a\u017e po kriminalitu, proto\u017ee zat\u00edmco doma v\u011bt\u0161inu rizik zn\u00e1me a v\u010das odhal\u00edme, m\u016f\u017ee b\u00fdt situace v\u00a0cizin\u011b specifick\u00e1 a neprokouknuteln\u00e1.\u010clov\u011bk m\u016f\u017ee na cest\u00e1ch trp\u011bt i dal\u0161\u00edmi r\u016fzn\u00fdmi zdravotn\u00edmi probl\u00e9my. Hojn\u00e9 a u\u017e od dob socialismu a tehdej\u0161\u00edch cest t\u0159eba k\u00a0mo\u0159i v\u00a0Rumunsku zn\u00e1m\u00e9 jsou pr\u016fjmy, ale m\u016f\u017ee j\u00edt i o r\u016fzn\u00e9 exotick\u00e9 nemoci, o mal\u00e1rii, \u017elutou zimnici, choleru, tyfus, z\u00e1\u0161krt, tuberkul\u00f3zu, o \u017eloutenk\u00e1ch u\u017e ani nemluv\u011b.Probl\u00e9mem nebo vhodnou v\u00fdmluvou je pak v\u00a0mnoha p\u0159\u00edpadech i komunikace. Na\u0161inci na tom nejsou \u010dasto jazykov\u011b nijak skv\u011ble, cizinci obvykle \u010desky nemluv\u00ed, a jak by si tedy n\u011bkdo z\u00a0na\u0161ich turist\u016f za\u0159\u00eddil to \u010di ono?Kdy\u017e tedy n\u011bkdo nechce cestovat, najde si v\u00fdmluvu bez probl\u00e9m\u016f. A kdy\u017e si stoj\u00ed za sv\u00fdm a nenech\u00e1 se zviklat, nikdo ho k\u00a0cestov\u00e1n\u00ed nedonut\u00ed. Ale osobn\u011b si mysl\u00edm, \u017ee je takov\u00fd \u010dlov\u011bk jenom s\u00e1m proti sob\u011b. Proto\u017ee cestov\u00e1n\u00ed, to nejsou jenom ty popsan\u00e9 probl\u00e9my. To je i spousta zaj\u00edmav\u00fdch z\u00e1\u017eitk\u016f, kv\u016fli kter\u00fdm se na cesty vyr\u00e1\u017eet vypl\u00e1c\u00ed. Proto\u017ee j\u00e1 do jist\u00e9 m\u00edry tak\u00e9 trp\u00edm n\u011bkter\u00fdmi z\u00a0v\u00fd\u0161e uveden\u00fdch pot\u00ed\u017e\u00ed. Moc dob\u0159e se nedomluv\u00edm, t\u011blo pobol\u00edv\u00e1 a milion\u00e1\u0159 tak\u00e9 nejsem. Ale p\u0159esto cestuji. A celkov\u011b mi to d\u011bl\u00e1 dost dob\u0159e na to, abych vyr\u00e1\u017eel do ciz\u00edch kraj\u016f zas a znovu, kdykoliv je p\u0159\u00edle\u017eitost.                                                                                                                                                                                                                                                                                                                                                                                        4.4\/5 - (10 votes)        "},{"@context":"https:\/\/schema.org\/","@type":"BreadcrumbList","itemListElement":[{"@type":"ListItem","position":1,"name":"Pro\u010d bychom necestovali?","item":"https:\/\/www.sm-itko.cz\/proc-bychom-necestovali\/#breadcrumbitem"}]}]